{"id":3535,"date":"2024-07-22T12:47:32","date_gmt":"2024-07-22T10:47:32","guid":{"rendered":"https:\/\/tirelli.net\/le-marche-des-soins-personnels-demande-vitesse\/"},"modified":"2024-09-25T16:58:44","modified_gmt":"2024-09-25T14:58:44","slug":"le-marche-des-soins-personnels-demande-vitesse","status":"publish","type":"post","link":"https:\/\/tirelli.net\/fr\/le-marche-des-soins-personnels-demande-vitesse\/","title":{"rendered":"Le march\u00e9 des soins personnels demande vitesse"},"content":{"rendered":"\n<p>La demande de nouveaut\u00e9 et d\u2019originalit\u00e9 des multi-emballages ainsi que des formats d\u2019emballage, notamment des tubes et des enveloppes, des bombes a\u00e9rosols ainsi que des bouteilles en PET \/ HDPE, oblige les entreprises d\u2019emballage \u00e0 relever un d\u00e9fi de vitesse dans l\u2019\u00e9change et l\u2019optimisation de leur production.<\/p>\n\n<p>Ceci s&rsquo;applique non seulement aux machines destin\u00e9es \u00e0 l&#8217;emballage primaire, mais \u00e9galement \u00e0 celles vou\u00e9es \u00e0 l\u2019emballage secondaire, tels que les machines d&#8217;emballage sous film r\u00e9tractable. Il est donc in\u00e9vitable que pour rester comp\u00e9titives sur le march\u00e9, les entreprises doivent disposer de machines polyvalentes capables de g\u00e9rer des formes et des formats diff\u00e9rents.<\/p>\n\n<p>Source: PMMI Business Intelligence, \u201c<em>Personal Care Industry Trends<\/em>\u201d et\u00a0<a href=\"https:\/\/www.packworld.com\/personal-care-markets-need-speed\">https:\/\/www.packworld.com\/personal-care-markets-need-speed<\/a><\/p>\n","protected":false},"excerpt":{"rendered":"<p>La demande de nouveaut\u00e9 et d\u2019originalit\u00e9 des multi-emballages ainsi que des formats d\u2019emballage, notamment des tubes et des enveloppes, des bombes a\u00e9rosols ainsi que des bouteilles en PET \/ HDPE, oblige les entreprises d\u2019emballage \u00e0 relever un d\u00e9fi de vitesse dans l\u2019\u00e9change et l\u2019optimisation de leur production. Ceci s&rsquo;applique non seulement aux machines destin\u00e9es \u00e0 [&hellip;]<\/p>\n","protected":false},"author":1,"featured_media":3536,"comment_status":"closed","ping_status":"closed","sticky":false,"template":"","format":"standard","meta":{"_acf_changed":false,"footnotes":""},"categories":[87],"tags":[],"class_list":["post-3535","post","type-post","status-publish","format-standard","has-post-thumbnail","hentry","category-nouvelles"],"acf":[],"yoast_head":"<!-- This site is optimized with the Yoast SEO plugin v27.5 - https:\/\/yoast.com\/product\/yoast-seo-wordpress\/ -->\n<title>Le march\u00e9 des soins personnels demande vitesse - TIRELLI<\/title>\n<meta name=\"description\" content=\"La demande de nouveaut\u00e9 et d\u2019originalit\u00e9 des multi-emballages ainsi que des formats d\u2019emballage, notamment des tubes et des enveloppes, des bombes\" \/>\n<meta name=\"robots\" content=\"index, follow, max-snippet:-1, max-image-preview:large, max-video-preview:-1\" \/>\n<link rel=\"canonical\" href=\"https:\/\/tirelli.net\/fr\/le-marche-des-soins-personnels-demande-vitesse\/\" \/>\n<meta property=\"og:locale\" content=\"fr_FR\" \/>\n<meta property=\"og:type\" content=\"article\" \/>\n<meta property=\"og:title\" content=\"Le march\u00e9 des soins personnels demande vitesse - TIRELLI\" \/>\n<meta property=\"og:description\" content=\"La demande de nouveaut\u00e9 et d\u2019originalit\u00e9 des multi-emballages ainsi que des formats d\u2019emballage, notamment des tubes et des enveloppes, des bombes\" \/>\n<meta property=\"og:url\" content=\"https:\/\/tirelli.net\/fr\/le-marche-des-soins-personnels-demande-vitesse\/\" \/>\n<meta property=\"og:site_name\" content=\"TIRELLI\" \/>\n<meta property=\"article:published_time\" content=\"2024-07-22T10:47:32+00:00\" \/>\n<meta property=\"article:modified_time\" content=\"2024-09-25T14:58:44+00:00\" \/>\n<meta property=\"og:image\" content=\"https:\/\/tirelli.net\/wp-content\/uploads\/2024\/07\/2019.01.24_NOTIZIA_PERSONAL_CARE.jpg\" \/>\n\t<meta property=\"og:image:width\" content=\"1024\" \/>\n\t<meta property=\"og:image:height\" content=\"678\" \/>\n\t<meta property=\"og:image:type\" content=\"image\/jpeg\" \/>\n<meta name=\"author\" content=\"tir24_rqiwe\" \/>\n<meta name=\"twitter:card\" content=\"summary_large_image\" \/>\n<meta name=\"twitter:label1\" content=\"\u00c9crit par\" \/>\n\t<meta name=\"twitter:data1\" content=\"tir24_rqiwe\" \/>\n\t<meta name=\"twitter:label2\" content=\"Dur\u00e9e de lecture estim\u00e9e\" \/>\n\t<meta name=\"twitter:data2\" content=\"1 minute\" \/>\n<script type=\"application\/ld+json\" class=\"yoast-schema-graph\">{\"@context\":\"https:\\\/\\\/schema.org\",\"@graph\":[{\"@type\":\"Article\",\"@id\":\"https:\\\/\\\/tirelli.net\\\/fr\\\/le-marche-des-soins-personnels-demande-vitesse\\\/#article\",\"isPartOf\":{\"@id\":\"https:\\\/\\\/tirelli.net\\\/fr\\\/le-marche-des-soins-personnels-demande-vitesse\\\/\"},\"author\":{\"name\":\"tir24_rqiwe\",\"@id\":\"https:\\\/\\\/tirelli.net\\\/fr\\\/#\\\/schema\\\/person\\\/14f18f87356dcb599a8d9ae234c4224e\"},\"headline\":\"Le march\u00e9 des soins personnels demande vitesse\",\"datePublished\":\"2024-07-22T10:47:32+00:00\",\"dateModified\":\"2024-09-25T14:58:44+00:00\",\"mainEntityOfPage\":{\"@id\":\"https:\\\/\\\/tirelli.net\\\/fr\\\/le-marche-des-soins-personnels-demande-vitesse\\\/\"},\"wordCount\":134,\"publisher\":{\"@id\":\"https:\\\/\\\/tirelli.net\\\/fr\\\/#organization\"},\"image\":{\"@id\":\"https:\\\/\\\/tirelli.net\\\/fr\\\/le-marche-des-soins-personnels-demande-vitesse\\\/#primaryimage\"},\"thumbnailUrl\":\"https:\\\/\\\/tirelli.net\\\/wp-content\\\/uploads\\\/2024\\\/07\\\/2019.01.24_NOTIZIA_PERSONAL_CARE.jpg\",\"articleSection\":[\"Nouvelles\"],\"inLanguage\":\"fr-FR\"},{\"@type\":\"WebPage\",\"@id\":\"https:\\\/\\\/tirelli.net\\\/fr\\\/le-marche-des-soins-personnels-demande-vitesse\\\/\",\"url\":\"https:\\\/\\\/tirelli.net\\\/fr\\\/le-marche-des-soins-personnels-demande-vitesse\\\/\",\"name\":\"Le march\u00e9 des soins personnels demande vitesse - TIRELLI\",\"isPartOf\":{\"@id\":\"https:\\\/\\\/tirelli.net\\\/fr\\\/#website\"},\"primaryImageOfPage\":{\"@id\":\"https:\\\/\\\/tirelli.net\\\/fr\\\/le-marche-des-soins-personnels-demande-vitesse\\\/#primaryimage\"},\"image\":{\"@id\":\"https:\\\/\\\/tirelli.net\\\/fr\\\/le-marche-des-soins-personnels-demande-vitesse\\\/#primaryimage\"},\"thumbnailUrl\":\"https:\\\/\\\/tirelli.net\\\/wp-content\\\/uploads\\\/2024\\\/07\\\/2019.01.24_NOTIZIA_PERSONAL_CARE.jpg\",\"datePublished\":\"2024-07-22T10:47:32+00:00\",\"dateModified\":\"2024-09-25T14:58:44+00:00\",\"description\":\"La demande de nouveaut\u00e9 et d\u2019originalit\u00e9 des multi-emballages ainsi que des formats d\u2019emballage, notamment des tubes et des enveloppes, des bombes\",\"breadcrumb\":{\"@id\":\"https:\\\/\\\/tirelli.net\\\/fr\\\/le-marche-des-soins-personnels-demande-vitesse\\\/#breadcrumb\"},\"inLanguage\":\"fr-FR\",\"potentialAction\":[{\"@type\":\"ReadAction\",\"target\":[\"https:\\\/\\\/tirelli.net\\\/fr\\\/le-marche-des-soins-personnels-demande-vitesse\\\/\"]}]},{\"@type\":\"ImageObject\",\"inLanguage\":\"fr-FR\",\"@id\":\"https:\\\/\\\/tirelli.net\\\/fr\\\/le-marche-des-soins-personnels-demande-vitesse\\\/#primaryimage\",\"url\":\"https:\\\/\\\/tirelli.net\\\/wp-content\\\/uploads\\\/2024\\\/07\\\/2019.01.24_NOTIZIA_PERSONAL_CARE.jpg\",\"contentUrl\":\"https:\\\/\\\/tirelli.net\\\/wp-content\\\/uploads\\\/2024\\\/07\\\/2019.01.24_NOTIZIA_PERSONAL_CARE.jpg\",\"width\":1024,\"height\":678,\"caption\":\"Tirelli\"},{\"@type\":\"BreadcrumbList\",\"@id\":\"https:\\\/\\\/tirelli.net\\\/fr\\\/le-marche-des-soins-personnels-demande-vitesse\\\/#breadcrumb\",\"itemListElement\":[{\"@type\":\"ListItem\",\"position\":1,\"name\":\"Home\",\"item\":\"https:\\\/\\\/tirelli.net\\\/fr\\\/\"},{\"@type\":\"ListItem\",\"position\":2,\"name\":\"Nouvelles\",\"item\":\"https:\\\/\\\/tirelli.net\\\/fr\\\/category\\\/nouvelles\\\/\"},{\"@type\":\"ListItem\",\"position\":3,\"name\":\"Le march\u00e9 des soins personnels demande vitesse\"}]},{\"@type\":\"WebSite\",\"@id\":\"https:\\\/\\\/tirelli.net\\\/fr\\\/#website\",\"url\":\"https:\\\/\\\/tirelli.net\\\/fr\\\/\",\"name\":\"TIRELLI\",\"description\":\"Cosmetic and personal care packaging equipment specialist\",\"publisher\":{\"@id\":\"https:\\\/\\\/tirelli.net\\\/fr\\\/#organization\"},\"potentialAction\":[{\"@type\":\"SearchAction\",\"target\":{\"@type\":\"EntryPoint\",\"urlTemplate\":\"https:\\\/\\\/tirelli.net\\\/fr\\\/?s={search_term_string}\"},\"query-input\":{\"@type\":\"PropertyValueSpecification\",\"valueRequired\":true,\"valueName\":\"search_term_string\"}}],\"inLanguage\":\"fr-FR\"},{\"@type\":\"Organization\",\"@id\":\"https:\\\/\\\/tirelli.net\\\/fr\\\/#organization\",\"name\":\"TIRELLI\",\"alternateName\":\"Customised Packaging Lines\",\"url\":\"https:\\\/\\\/tirelli.net\\\/fr\\\/\",\"logo\":{\"@type\":\"ImageObject\",\"inLanguage\":\"fr-FR\",\"@id\":\"https:\\\/\\\/tirelli.net\\\/fr\\\/#\\\/schema\\\/logo\\\/image\\\/\",\"url\":\"https:\\\/\\\/tirelli.net\\\/wp-content\\\/uploads\\\/2024\\\/07\\\/favicon.png\",\"contentUrl\":\"https:\\\/\\\/tirelli.net\\\/wp-content\\\/uploads\\\/2024\\\/07\\\/favicon.png\",\"width\":512,\"height\":512,\"caption\":\"TIRELLI\"},\"image\":{\"@id\":\"https:\\\/\\\/tirelli.net\\\/fr\\\/#\\\/schema\\\/logo\\\/image\\\/\"}},{\"@type\":\"Person\",\"@id\":\"https:\\\/\\\/tirelli.net\\\/fr\\\/#\\\/schema\\\/person\\\/14f18f87356dcb599a8d9ae234c4224e\",\"name\":\"tir24_rqiwe\",\"sameAs\":[\"https:\\\/\\\/tirelli.net\"],\"url\":\"https:\\\/\\\/tirelli.net\\\/fr\\\/author\\\/tir24_rqiwe\\\/\"}]}<\/script>\n<!-- \/ Yoast SEO plugin. -->","yoast_head_json":{"title":"Le march\u00e9 des soins personnels demande vitesse - TIRELLI","description":"La demande de nouveaut\u00e9 et d\u2019originalit\u00e9 des multi-emballages ainsi que des formats d\u2019emballage, notamment des tubes et des enveloppes, des bombes","robots":{"index":"index","follow":"follow","max-snippet":"max-snippet:-1","max-image-preview":"max-image-preview:large","max-video-preview":"max-video-preview:-1"},"canonical":"https:\/\/tirelli.net\/fr\/le-marche-des-soins-personnels-demande-vitesse\/","og_locale":"fr_FR","og_type":"article","og_title":"Le march\u00e9 des soins personnels demande vitesse - TIRELLI","og_description":"La demande de nouveaut\u00e9 et d\u2019originalit\u00e9 des multi-emballages ainsi que des formats d\u2019emballage, notamment des tubes et des enveloppes, des bombes","og_url":"https:\/\/tirelli.net\/fr\/le-marche-des-soins-personnels-demande-vitesse\/","og_site_name":"TIRELLI","article_published_time":"2024-07-22T10:47:32+00:00","article_modified_time":"2024-09-25T14:58:44+00:00","og_image":[{"width":1024,"height":678,"url":"https:\/\/tirelli.net\/wp-content\/uploads\/2024\/07\/2019.01.24_NOTIZIA_PERSONAL_CARE.jpg","type":"image\/jpeg"}],"author":"tir24_rqiwe","twitter_card":"summary_large_image","twitter_misc":{"\u00c9crit par":"tir24_rqiwe","Dur\u00e9e de lecture estim\u00e9e":"1 minute"},"schema":{"@context":"https:\/\/schema.org","@graph":[{"@type":"Article","@id":"https:\/\/tirelli.net\/fr\/le-marche-des-soins-personnels-demande-vitesse\/#article","isPartOf":{"@id":"https:\/\/tirelli.net\/fr\/le-marche-des-soins-personnels-demande-vitesse\/"},"author":{"name":"tir24_rqiwe","@id":"https:\/\/tirelli.net\/fr\/#\/schema\/person\/14f18f87356dcb599a8d9ae234c4224e"},"headline":"Le march\u00e9 des soins personnels demande vitesse","datePublished":"2024-07-22T10:47:32+00:00","dateModified":"2024-09-25T14:58:44+00:00","mainEntityOfPage":{"@id":"https:\/\/tirelli.net\/fr\/le-marche-des-soins-personnels-demande-vitesse\/"},"wordCount":134,"publisher":{"@id":"https:\/\/tirelli.net\/fr\/#organization"},"image":{"@id":"https:\/\/tirelli.net\/fr\/le-marche-des-soins-personnels-demande-vitesse\/#primaryimage"},"thumbnailUrl":"https:\/\/tirelli.net\/wp-content\/uploads\/2024\/07\/2019.01.24_NOTIZIA_PERSONAL_CARE.jpg","articleSection":["Nouvelles"],"inLanguage":"fr-FR"},{"@type":"WebPage","@id":"https:\/\/tirelli.net\/fr\/le-marche-des-soins-personnels-demande-vitesse\/","url":"https:\/\/tirelli.net\/fr\/le-marche-des-soins-personnels-demande-vitesse\/","name":"Le march\u00e9 des soins personnels demande vitesse - TIRELLI","isPartOf":{"@id":"https:\/\/tirelli.net\/fr\/#website"},"primaryImageOfPage":{"@id":"https:\/\/tirelli.net\/fr\/le-marche-des-soins-personnels-demande-vitesse\/#primaryimage"},"image":{"@id":"https:\/\/tirelli.net\/fr\/le-marche-des-soins-personnels-demande-vitesse\/#primaryimage"},"thumbnailUrl":"https:\/\/tirelli.net\/wp-content\/uploads\/2024\/07\/2019.01.24_NOTIZIA_PERSONAL_CARE.jpg","datePublished":"2024-07-22T10:47:32+00:00","dateModified":"2024-09-25T14:58:44+00:00","description":"La demande de nouveaut\u00e9 et d\u2019originalit\u00e9 des multi-emballages ainsi que des formats d\u2019emballage, notamment des tubes et des enveloppes, des bombes","breadcrumb":{"@id":"https:\/\/tirelli.net\/fr\/le-marche-des-soins-personnels-demande-vitesse\/#breadcrumb"},"inLanguage":"fr-FR","potentialAction":[{"@type":"ReadAction","target":["https:\/\/tirelli.net\/fr\/le-marche-des-soins-personnels-demande-vitesse\/"]}]},{"@type":"ImageObject","inLanguage":"fr-FR","@id":"https:\/\/tirelli.net\/fr\/le-marche-des-soins-personnels-demande-vitesse\/#primaryimage","url":"https:\/\/tirelli.net\/wp-content\/uploads\/2024\/07\/2019.01.24_NOTIZIA_PERSONAL_CARE.jpg","contentUrl":"https:\/\/tirelli.net\/wp-content\/uploads\/2024\/07\/2019.01.24_NOTIZIA_PERSONAL_CARE.jpg","width":1024,"height":678,"caption":"Tirelli"},{"@type":"BreadcrumbList","@id":"https:\/\/tirelli.net\/fr\/le-marche-des-soins-personnels-demande-vitesse\/#breadcrumb","itemListElement":[{"@type":"ListItem","position":1,"name":"Home","item":"https:\/\/tirelli.net\/fr\/"},{"@type":"ListItem","position":2,"name":"Nouvelles","item":"https:\/\/tirelli.net\/fr\/category\/nouvelles\/"},{"@type":"ListItem","position":3,"name":"Le march\u00e9 des soins personnels demande vitesse"}]},{"@type":"WebSite","@id":"https:\/\/tirelli.net\/fr\/#website","url":"https:\/\/tirelli.net\/fr\/","name":"TIRELLI","description":"Cosmetic and personal care packaging equipment specialist","publisher":{"@id":"https:\/\/tirelli.net\/fr\/#organization"},"potentialAction":[{"@type":"SearchAction","target":{"@type":"EntryPoint","urlTemplate":"https:\/\/tirelli.net\/fr\/?s={search_term_string}"},"query-input":{"@type":"PropertyValueSpecification","valueRequired":true,"valueName":"search_term_string"}}],"inLanguage":"fr-FR"},{"@type":"Organization","@id":"https:\/\/tirelli.net\/fr\/#organization","name":"TIRELLI","alternateName":"Customised Packaging Lines","url":"https:\/\/tirelli.net\/fr\/","logo":{"@type":"ImageObject","inLanguage":"fr-FR","@id":"https:\/\/tirelli.net\/fr\/#\/schema\/logo\/image\/","url":"https:\/\/tirelli.net\/wp-content\/uploads\/2024\/07\/favicon.png","contentUrl":"https:\/\/tirelli.net\/wp-content\/uploads\/2024\/07\/favicon.png","width":512,"height":512,"caption":"TIRELLI"},"image":{"@id":"https:\/\/tirelli.net\/fr\/#\/schema\/logo\/image\/"}},{"@type":"Person","@id":"https:\/\/tirelli.net\/fr\/#\/schema\/person\/14f18f87356dcb599a8d9ae234c4224e","name":"tir24_rqiwe","sameAs":["https:\/\/tirelli.net"],"url":"https:\/\/tirelli.net\/fr\/author\/tir24_rqiwe\/"}]}},"_links":{"self":[{"href":"https:\/\/tirelli.net\/fr\/wp-json\/wp\/v2\/posts\/3535","targetHints":{"allow":["GET"]}}],"collection":[{"href":"https:\/\/tirelli.net\/fr\/wp-json\/wp\/v2\/posts"}],"about":[{"href":"https:\/\/tirelli.net\/fr\/wp-json\/wp\/v2\/types\/post"}],"author":[{"embeddable":true,"href":"https:\/\/tirelli.net\/fr\/wp-json\/wp\/v2\/users\/1"}],"replies":[{"embeddable":true,"href":"https:\/\/tirelli.net\/fr\/wp-json\/wp\/v2\/comments?post=3535"}],"version-history":[{"count":1,"href":"https:\/\/tirelli.net\/fr\/wp-json\/wp\/v2\/posts\/3535\/revisions"}],"predecessor-version":[{"id":3537,"href":"https:\/\/tirelli.net\/fr\/wp-json\/wp\/v2\/posts\/3535\/revisions\/3537"}],"wp:featuredmedia":[{"embeddable":true,"href":"https:\/\/tirelli.net\/fr\/wp-json\/wp\/v2\/media\/3536"}],"wp:attachment":[{"href":"https:\/\/tirelli.net\/fr\/wp-json\/wp\/v2\/media?parent=3535"}],"wp:term":[{"taxonomy":"category","embeddable":true,"href":"https:\/\/tirelli.net\/fr\/wp-json\/wp\/v2\/categories?post=3535"},{"taxonomy":"post_tag","embeddable":true,"href":"https:\/\/tirelli.net\/fr\/wp-json\/wp\/v2\/tags?post=3535"}],"curies":[{"name":"wp","href":"https:\/\/api.w.org\/{rel}","templated":true}]}}