{"id":6019,"date":"2026-03-25T10:02:01","date_gmt":"2026-03-25T09:02:01","guid":{"rendered":"https:\/\/tirelli.net\/riempimento-per-polveri-il-portfolio-tirelli-si-amplia\/"},"modified":"2026-03-30T10:12:09","modified_gmt":"2026-03-30T08:12:09","slug":"riempimento-per-polveri-il-portfolio-tirelli-si-amplia","status":"publish","type":"post","link":"https:\/\/tirelli.net\/it\/riempimento-per-polveri-il-portfolio-tirelli-si-amplia\/","title":{"rendered":"Riempimento per polveri: il portfolio TIRELLI si amplia."},"content":{"rendered":"\n<h3 class=\"wp-block-heading\"><h3><strong><em>Una nuova collaborazione con Preci per soluzioni complete nel trattamento delle polveri<\/em><\/strong><\/h3><\/h3>\n\n<p>Da oggi \u00e8 stata avviata una nuova collaborazione commerciale con Preci s.r.l, azienda con oltre 80 anni di esperienza nelle soluzioni per il dosaggio e il confezionamento di polveri e granulati. <\/p>\n\n<p>Grazie a questo accordo, integriamo nella nostra gamma le tecnologie Preci dedicate alle applicazioni su polveri: sistemi di dosaggio volumetrico e gravimetrico, riempitrici per polveri fini, prodotti sensibili o ad alta volatilit\u00e0, e soluzioni configurabili in base alle specifiche caratteristiche reologiche del prodotto, ampliando cos\u00ec la nostra offerta ben oltre il riempimento di liquidi. <\/p>\n\n<p>Un&#8217;evoluzione concreta che ci permette di rispondere, con la stessa competenza e affidabilit\u00e0 che ci contraddistingue, anche alle esigenze dei settori cosmetico, chimico e farmaceutico che lavorano con materiali polverosi di diverse granulometrie e propriet\u00e0 fisiche.<\/p>\n\n<div style=\"height:25px\" aria-hidden=\"true\" class=\"wp-block-spacer\"><\/div>\n\n<h4 class=\"wp-block-heading\"><h4>Il vero vantaggio? Un unico interlocutore per la linea completa<\/h4><\/h4>\n\n<p>Le riempitrici per polveri Preci si integrano nativamente con le nostre soluzioni per tappatura, etichettatura e movimentazione robotizzata. Questo significa che possiamo progettare e fornire <a href=\"https:\/\/tirelli.net\/it\/tipologie\/linee-confezionamento-complete\/\">linee di confezionamento complet<\/a><a href=\"https:\/\/tirelli.net\/it\/tipologie\/linee-confezionamento-complete\/\">e<\/a>, coerenti e perfettamente interfacciate, senza che il cliente debba coordinare pi\u00f9 fornitori, gestire interfacce tecniche complesse o mediare tra sistemi diversi.<\/p>\n\n<p>Un solo interlocutore, dalla riempitrice polveri all&#8217;etichetta finale.&#13;\nPer chi ha esigenze di automazione complessa, questa \u00e8 una differenza sostanziale: meno complessit\u00e0 operativa, pi\u00f9 coerenza progettuale, e la certezza di lavorare con tecnologie pensate per dialogare tra loro.&#13;\n<\/p>\n\n<div style=\"height:25px\" aria-hidden=\"true\" class=\"wp-block-spacer\"><\/div>\n\n<h4 class=\"wp-block-heading\"><h4>Una rete globale al servizio di questa nuova offerta<\/h4><\/h4>\n\n<p>Il nostro portfolio ampliato \u00e8 disponibile attraverso la rete commerciale internazionale TIRELLI: 9 filiali nei 5 continenti, oltre 5.500 macchine installate in 118 Paesi. Ovunque si trovi il nostro cliente, pu\u00f2 contare non solo sulla soluzione tecnica pi\u00f9 adatta, che si tratti di impianti di riempimento polveri standalone o di linee integrate complete, ma anche sul servizio di assistenza capillare e puntuale che da sempre ci contraddistingue.<\/p>\n\n<p><strong><a href=\"https:\/\/tirelli.net\/it\/tipologie\/riempitrici-per-polveri-e-granuli\/\">VAI ALLE RIEMPITRICI PER POLVERI<\/a><\/strong><\/p>\n\n<p><\/p>\n","protected":false},"excerpt":{"rendered":"<p>Una nuova collaborazione con Preci per soluzioni complete nel trattamento delle polveri Da oggi \u00e8 stata avviata una nuova collaborazione commerciale con Preci s.r.l, azienda con oltre 80 anni di esperienza nelle soluzioni per il dosaggio e il confezionamento di polveri e granulati. Grazie a questo accordo, integriamo nella nostra gamma le tecnologie Preci dedicate [&hellip;]<\/p>\n","protected":false},"author":3,"featured_media":6018,"comment_status":"closed","ping_status":"closed","sticky":false,"template":"","format":"standard","meta":{"_acf_changed":false,"footnotes":""},"categories":[56],"tags":[],"class_list":["post-6019","post","type-post","status-publish","format-standard","has-post-thumbnail","hentry","category-news-it"],"acf":[],"yoast_head":"<!-- This site is optimized with the Yoast SEO plugin v27.5 - https:\/\/yoast.com\/product\/yoast-seo-wordpress\/ -->\n<title>Riempimento per polveri: il portfolio TIRELLI si amplia. - TIRELLI<\/title>\n<meta name=\"description\" content=\"Una nuova collaborazione con Preci per soluzioni complete nel trattamento delle polveri Da oggi \u00e8 stata avviata una nuova collaborazione commerciale con\" \/>\n<meta name=\"robots\" content=\"index, follow, max-snippet:-1, max-image-preview:large, max-video-preview:-1\" \/>\n<link rel=\"canonical\" href=\"https:\/\/tirelli.net\/it\/riempimento-per-polveri-il-portfolio-tirelli-si-amplia\/\" \/>\n<meta property=\"og:locale\" content=\"it_IT\" \/>\n<meta property=\"og:type\" content=\"article\" \/>\n<meta property=\"og:title\" content=\"Riempimento per polveri: il portfolio TIRELLI si amplia. - TIRELLI\" \/>\n<meta property=\"og:description\" content=\"Una nuova collaborazione con Preci per soluzioni complete nel trattamento delle polveri Da oggi \u00e8 stata avviata una nuova collaborazione commerciale con\" \/>\n<meta property=\"og:url\" content=\"https:\/\/tirelli.net\/it\/riempimento-per-polveri-il-portfolio-tirelli-si-amplia\/\" \/>\n<meta property=\"og:site_name\" content=\"TIRELLI\" \/>\n<meta property=\"article:published_time\" content=\"2026-03-25T09:02:01+00:00\" \/>\n<meta property=\"article:modified_time\" content=\"2026-03-30T08:12:09+00:00\" \/>\n<meta property=\"og:image\" content=\"https:\/\/tirelli.net\/wp-content\/uploads\/2026\/03\/Copertina-news-PRECI.jpg\" \/>\n\t<meta property=\"og:image:width\" content=\"1920\" \/>\n\t<meta property=\"og:image:height\" content=\"1080\" \/>\n\t<meta property=\"og:image:type\" content=\"image\/jpeg\" \/>\n<meta name=\"author\" content=\"IT Dept\" \/>\n<meta name=\"twitter:card\" content=\"summary_large_image\" \/>\n<meta name=\"twitter:label1\" content=\"Scritto da\" \/>\n\t<meta name=\"twitter:data1\" content=\"IT Dept\" \/>\n\t<meta name=\"twitter:label2\" content=\"Tempo di lettura stimato\" \/>\n\t<meta name=\"twitter:data2\" content=\"2 minuti\" \/>\n<script type=\"application\/ld+json\" class=\"yoast-schema-graph\">{\"@context\":\"https:\\\/\\\/schema.org\",\"@graph\":[{\"@type\":\"Article\",\"@id\":\"https:\\\/\\\/tirelli.net\\\/it\\\/riempimento-per-polveri-il-portfolio-tirelli-si-amplia\\\/#article\",\"isPartOf\":{\"@id\":\"https:\\\/\\\/tirelli.net\\\/it\\\/riempimento-per-polveri-il-portfolio-tirelli-si-amplia\\\/\"},\"author\":{\"name\":\"IT Dept\",\"@id\":\"https:\\\/\\\/tirelli.net\\\/it\\\/#\\\/schema\\\/person\\\/b52120b125cd5c5c0ebed213867c63c1\"},\"headline\":\"Riempimento per polveri: il portfolio TIRELLI si amplia.\",\"datePublished\":\"2026-03-25T09:02:01+00:00\",\"dateModified\":\"2026-03-30T08:12:09+00:00\",\"mainEntityOfPage\":{\"@id\":\"https:\\\/\\\/tirelli.net\\\/it\\\/riempimento-per-polveri-il-portfolio-tirelli-si-amplia\\\/\"},\"wordCount\":317,\"publisher\":{\"@id\":\"https:\\\/\\\/tirelli.net\\\/it\\\/#organization\"},\"image\":{\"@id\":\"https:\\\/\\\/tirelli.net\\\/it\\\/riempimento-per-polveri-il-portfolio-tirelli-si-amplia\\\/#primaryimage\"},\"thumbnailUrl\":\"https:\\\/\\\/tirelli.net\\\/wp-content\\\/uploads\\\/2026\\\/03\\\/Copertina-news-PRECI.jpg\",\"articleSection\":[\"News\"],\"inLanguage\":\"it-IT\"},{\"@type\":\"WebPage\",\"@id\":\"https:\\\/\\\/tirelli.net\\\/it\\\/riempimento-per-polveri-il-portfolio-tirelli-si-amplia\\\/\",\"url\":\"https:\\\/\\\/tirelli.net\\\/it\\\/riempimento-per-polveri-il-portfolio-tirelli-si-amplia\\\/\",\"name\":\"Riempimento per polveri: il portfolio TIRELLI si amplia. - TIRELLI\",\"isPartOf\":{\"@id\":\"https:\\\/\\\/tirelli.net\\\/it\\\/#website\"},\"primaryImageOfPage\":{\"@id\":\"https:\\\/\\\/tirelli.net\\\/it\\\/riempimento-per-polveri-il-portfolio-tirelli-si-amplia\\\/#primaryimage\"},\"image\":{\"@id\":\"https:\\\/\\\/tirelli.net\\\/it\\\/riempimento-per-polveri-il-portfolio-tirelli-si-amplia\\\/#primaryimage\"},\"thumbnailUrl\":\"https:\\\/\\\/tirelli.net\\\/wp-content\\\/uploads\\\/2026\\\/03\\\/Copertina-news-PRECI.jpg\",\"datePublished\":\"2026-03-25T09:02:01+00:00\",\"dateModified\":\"2026-03-30T08:12:09+00:00\",\"description\":\"Una nuova collaborazione con Preci per soluzioni complete nel trattamento delle polveri Da oggi \u00e8 stata avviata una nuova collaborazione commerciale con\",\"breadcrumb\":{\"@id\":\"https:\\\/\\\/tirelli.net\\\/it\\\/riempimento-per-polveri-il-portfolio-tirelli-si-amplia\\\/#breadcrumb\"},\"inLanguage\":\"it-IT\",\"potentialAction\":[{\"@type\":\"ReadAction\",\"target\":[\"https:\\\/\\\/tirelli.net\\\/it\\\/riempimento-per-polveri-il-portfolio-tirelli-si-amplia\\\/\"]}]},{\"@type\":\"ImageObject\",\"inLanguage\":\"it-IT\",\"@id\":\"https:\\\/\\\/tirelli.net\\\/it\\\/riempimento-per-polveri-il-portfolio-tirelli-si-amplia\\\/#primaryimage\",\"url\":\"https:\\\/\\\/tirelli.net\\\/wp-content\\\/uploads\\\/2026\\\/03\\\/Copertina-news-PRECI.jpg\",\"contentUrl\":\"https:\\\/\\\/tirelli.net\\\/wp-content\\\/uploads\\\/2026\\\/03\\\/Copertina-news-PRECI.jpg\",\"width\":1920,\"height\":1080,\"caption\":\"Riempimento per polveri\"},{\"@type\":\"BreadcrumbList\",\"@id\":\"https:\\\/\\\/tirelli.net\\\/it\\\/riempimento-per-polveri-il-portfolio-tirelli-si-amplia\\\/#breadcrumb\",\"itemListElement\":[{\"@type\":\"ListItem\",\"position\":1,\"name\":\"Home\",\"item\":\"https:\\\/\\\/tirelli.net\\\/it\\\/\"},{\"@type\":\"ListItem\",\"position\":2,\"name\":\"News\",\"item\":\"https:\\\/\\\/tirelli.net\\\/it\\\/category\\\/news-it\\\/\"},{\"@type\":\"ListItem\",\"position\":3,\"name\":\"Riempimento per polveri: il portfolio TIRELLI si amplia.\"}]},{\"@type\":\"WebSite\",\"@id\":\"https:\\\/\\\/tirelli.net\\\/it\\\/#website\",\"url\":\"https:\\\/\\\/tirelli.net\\\/it\\\/\",\"name\":\"TIRELLI\",\"description\":\"Cosmetic and personal care packaging equipment specialist\",\"publisher\":{\"@id\":\"https:\\\/\\\/tirelli.net\\\/it\\\/#organization\"},\"potentialAction\":[{\"@type\":\"SearchAction\",\"target\":{\"@type\":\"EntryPoint\",\"urlTemplate\":\"https:\\\/\\\/tirelli.net\\\/it\\\/?s={search_term_string}\"},\"query-input\":{\"@type\":\"PropertyValueSpecification\",\"valueRequired\":true,\"valueName\":\"search_term_string\"}}],\"inLanguage\":\"it-IT\"},{\"@type\":\"Organization\",\"@id\":\"https:\\\/\\\/tirelli.net\\\/it\\\/#organization\",\"name\":\"TIRELLI\",\"alternateName\":\"Customised Packaging Lines\",\"url\":\"https:\\\/\\\/tirelli.net\\\/it\\\/\",\"logo\":{\"@type\":\"ImageObject\",\"inLanguage\":\"it-IT\",\"@id\":\"https:\\\/\\\/tirelli.net\\\/it\\\/#\\\/schema\\\/logo\\\/image\\\/\",\"url\":\"https:\\\/\\\/tirelli.net\\\/wp-content\\\/uploads\\\/2024\\\/07\\\/favicon.png\",\"contentUrl\":\"https:\\\/\\\/tirelli.net\\\/wp-content\\\/uploads\\\/2024\\\/07\\\/favicon.png\",\"width\":512,\"height\":512,\"caption\":\"TIRELLI\"},\"image\":{\"@id\":\"https:\\\/\\\/tirelli.net\\\/it\\\/#\\\/schema\\\/logo\\\/image\\\/\"}},{\"@type\":\"Person\",\"@id\":\"https:\\\/\\\/tirelli.net\\\/it\\\/#\\\/schema\\\/person\\\/b52120b125cd5c5c0ebed213867c63c1\",\"name\":\"IT Dept\",\"url\":\"https:\\\/\\\/tirelli.net\\\/it\\\/author\\\/it-dept\\\/\"}]}<\/script>\n<!-- \/ Yoast SEO plugin. -->","yoast_head_json":{"title":"Riempimento per polveri: il portfolio TIRELLI si amplia. - TIRELLI","description":"Una nuova collaborazione con Preci per soluzioni complete nel trattamento delle polveri Da oggi \u00e8 stata avviata una nuova collaborazione commerciale con","robots":{"index":"index","follow":"follow","max-snippet":"max-snippet:-1","max-image-preview":"max-image-preview:large","max-video-preview":"max-video-preview:-1"},"canonical":"https:\/\/tirelli.net\/it\/riempimento-per-polveri-il-portfolio-tirelli-si-amplia\/","og_locale":"it_IT","og_type":"article","og_title":"Riempimento per polveri: il portfolio TIRELLI si amplia. - TIRELLI","og_description":"Una nuova collaborazione con Preci per soluzioni complete nel trattamento delle polveri Da oggi \u00e8 stata avviata una nuova collaborazione commerciale con","og_url":"https:\/\/tirelli.net\/it\/riempimento-per-polveri-il-portfolio-tirelli-si-amplia\/","og_site_name":"TIRELLI","article_published_time":"2026-03-25T09:02:01+00:00","article_modified_time":"2026-03-30T08:12:09+00:00","og_image":[{"width":1920,"height":1080,"url":"https:\/\/tirelli.net\/wp-content\/uploads\/2026\/03\/Copertina-news-PRECI.jpg","type":"image\/jpeg"}],"author":"IT Dept","twitter_card":"summary_large_image","twitter_misc":{"Scritto da":"IT Dept","Tempo di lettura stimato":"2 minuti"},"schema":{"@context":"https:\/\/schema.org","@graph":[{"@type":"Article","@id":"https:\/\/tirelli.net\/it\/riempimento-per-polveri-il-portfolio-tirelli-si-amplia\/#article","isPartOf":{"@id":"https:\/\/tirelli.net\/it\/riempimento-per-polveri-il-portfolio-tirelli-si-amplia\/"},"author":{"name":"IT Dept","@id":"https:\/\/tirelli.net\/it\/#\/schema\/person\/b52120b125cd5c5c0ebed213867c63c1"},"headline":"Riempimento per polveri: il portfolio TIRELLI si amplia.","datePublished":"2026-03-25T09:02:01+00:00","dateModified":"2026-03-30T08:12:09+00:00","mainEntityOfPage":{"@id":"https:\/\/tirelli.net\/it\/riempimento-per-polveri-il-portfolio-tirelli-si-amplia\/"},"wordCount":317,"publisher":{"@id":"https:\/\/tirelli.net\/it\/#organization"},"image":{"@id":"https:\/\/tirelli.net\/it\/riempimento-per-polveri-il-portfolio-tirelli-si-amplia\/#primaryimage"},"thumbnailUrl":"https:\/\/tirelli.net\/wp-content\/uploads\/2026\/03\/Copertina-news-PRECI.jpg","articleSection":["News"],"inLanguage":"it-IT"},{"@type":"WebPage","@id":"https:\/\/tirelli.net\/it\/riempimento-per-polveri-il-portfolio-tirelli-si-amplia\/","url":"https:\/\/tirelli.net\/it\/riempimento-per-polveri-il-portfolio-tirelli-si-amplia\/","name":"Riempimento per polveri: il portfolio TIRELLI si amplia. - TIRELLI","isPartOf":{"@id":"https:\/\/tirelli.net\/it\/#website"},"primaryImageOfPage":{"@id":"https:\/\/tirelli.net\/it\/riempimento-per-polveri-il-portfolio-tirelli-si-amplia\/#primaryimage"},"image":{"@id":"https:\/\/tirelli.net\/it\/riempimento-per-polveri-il-portfolio-tirelli-si-amplia\/#primaryimage"},"thumbnailUrl":"https:\/\/tirelli.net\/wp-content\/uploads\/2026\/03\/Copertina-news-PRECI.jpg","datePublished":"2026-03-25T09:02:01+00:00","dateModified":"2026-03-30T08:12:09+00:00","description":"Una nuova collaborazione con Preci per soluzioni complete nel trattamento delle polveri Da oggi \u00e8 stata avviata una nuova collaborazione commerciale con","breadcrumb":{"@id":"https:\/\/tirelli.net\/it\/riempimento-per-polveri-il-portfolio-tirelli-si-amplia\/#breadcrumb"},"inLanguage":"it-IT","potentialAction":[{"@type":"ReadAction","target":["https:\/\/tirelli.net\/it\/riempimento-per-polveri-il-portfolio-tirelli-si-amplia\/"]}]},{"@type":"ImageObject","inLanguage":"it-IT","@id":"https:\/\/tirelli.net\/it\/riempimento-per-polveri-il-portfolio-tirelli-si-amplia\/#primaryimage","url":"https:\/\/tirelli.net\/wp-content\/uploads\/2026\/03\/Copertina-news-PRECI.jpg","contentUrl":"https:\/\/tirelli.net\/wp-content\/uploads\/2026\/03\/Copertina-news-PRECI.jpg","width":1920,"height":1080,"caption":"Riempimento per polveri"},{"@type":"BreadcrumbList","@id":"https:\/\/tirelli.net\/it\/riempimento-per-polveri-il-portfolio-tirelli-si-amplia\/#breadcrumb","itemListElement":[{"@type":"ListItem","position":1,"name":"Home","item":"https:\/\/tirelli.net\/it\/"},{"@type":"ListItem","position":2,"name":"News","item":"https:\/\/tirelli.net\/it\/category\/news-it\/"},{"@type":"ListItem","position":3,"name":"Riempimento per polveri: il portfolio TIRELLI si amplia."}]},{"@type":"WebSite","@id":"https:\/\/tirelli.net\/it\/#website","url":"https:\/\/tirelli.net\/it\/","name":"TIRELLI","description":"Cosmetic and personal care packaging equipment specialist","publisher":{"@id":"https:\/\/tirelli.net\/it\/#organization"},"potentialAction":[{"@type":"SearchAction","target":{"@type":"EntryPoint","urlTemplate":"https:\/\/tirelli.net\/it\/?s={search_term_string}"},"query-input":{"@type":"PropertyValueSpecification","valueRequired":true,"valueName":"search_term_string"}}],"inLanguage":"it-IT"},{"@type":"Organization","@id":"https:\/\/tirelli.net\/it\/#organization","name":"TIRELLI","alternateName":"Customised Packaging Lines","url":"https:\/\/tirelli.net\/it\/","logo":{"@type":"ImageObject","inLanguage":"it-IT","@id":"https:\/\/tirelli.net\/it\/#\/schema\/logo\/image\/","url":"https:\/\/tirelli.net\/wp-content\/uploads\/2024\/07\/favicon.png","contentUrl":"https:\/\/tirelli.net\/wp-content\/uploads\/2024\/07\/favicon.png","width":512,"height":512,"caption":"TIRELLI"},"image":{"@id":"https:\/\/tirelli.net\/it\/#\/schema\/logo\/image\/"}},{"@type":"Person","@id":"https:\/\/tirelli.net\/it\/#\/schema\/person\/b52120b125cd5c5c0ebed213867c63c1","name":"IT Dept","url":"https:\/\/tirelli.net\/it\/author\/it-dept\/"}]}},"_links":{"self":[{"href":"https:\/\/tirelli.net\/it\/wp-json\/wp\/v2\/posts\/6019","targetHints":{"allow":["GET"]}}],"collection":[{"href":"https:\/\/tirelli.net\/it\/wp-json\/wp\/v2\/posts"}],"about":[{"href":"https:\/\/tirelli.net\/it\/wp-json\/wp\/v2\/types\/post"}],"author":[{"embeddable":true,"href":"https:\/\/tirelli.net\/it\/wp-json\/wp\/v2\/users\/3"}],"replies":[{"embeddable":true,"href":"https:\/\/tirelli.net\/it\/wp-json\/wp\/v2\/comments?post=6019"}],"version-history":[{"count":2,"href":"https:\/\/tirelli.net\/it\/wp-json\/wp\/v2\/posts\/6019\/revisions"}],"predecessor-version":[{"id":6059,"href":"https:\/\/tirelli.net\/it\/wp-json\/wp\/v2\/posts\/6019\/revisions\/6059"}],"wp:featuredmedia":[{"embeddable":true,"href":"https:\/\/tirelli.net\/it\/wp-json\/wp\/v2\/media\/6018"}],"wp:attachment":[{"href":"https:\/\/tirelli.net\/it\/wp-json\/wp\/v2\/media?parent=6019"}],"wp:term":[{"taxonomy":"category","embeddable":true,"href":"https:\/\/tirelli.net\/it\/wp-json\/wp\/v2\/categories?post=6019"},{"taxonomy":"post_tag","embeddable":true,"href":"https:\/\/tirelli.net\/it\/wp-json\/wp\/v2\/tags?post=6019"}],"curies":[{"name":"wp","href":"https:\/\/api.w.org\/{rel}","templated":true}]}}